{"id":3330,"date":"2021-11-12T16:47:19","date_gmt":"2021-11-12T13:47:19","guid":{"rendered":"https:\/\/www.thinkinglab.org\/TR\/?p=3330"},"modified":"2021-11-12T16:47:29","modified_gmt":"2021-11-12T13:47:29","slug":"inspire-projesi-basladi","status":"publish","type":"post","link":"https:\/\/www.thinkinglab.org\/TR\/2021\/11\/12\/inspire-projesi-basladi\/","title":{"rendered":"iNSPIRE PROJES\u0130 BA\u015eLADI!"},"content":{"rendered":"<p>Erasmus+ KA220-VET (Mesleki E\u011fitim ve \u00d6\u011fretimde \u0130\u015fbirli\u011fi Ortakl\u0131klar\u0131 Program\u0131) kapsam\u0131nda kabul edilen projemiz iNSPIRE: Innovation for Social Entrepreneurship (Sosyal Giri\u015fimcilik i\u00e7in \u0130novasyon) 1 Kas\u0131m 2021 tarihinde ba\u015flad\u0131.<\/p>\n<p>Projemizin amac\u0131; i\u015fg\u00fcc\u00fc piyasalar\u0131n\u0131n COVID-19 salg\u0131n\u0131 s\u0131ras\u0131nda kar\u015f\u0131 kar\u015f\u0131ya oldu\u011fu ve gelecekte olabilecek benzer zorluklar kar\u015f\u0131s\u0131nda gen\u00e7 giri\u015fimcilerin de\u011fi\u015fimlere yan\u0131t verme kapasitesini geli\u015ftirmek ve g\u00fc\u00e7lendirmektir.<\/p>\n<p>Projemiz iNSPIRE, Live Hub taraf\u0131ndan operasyonel hale getirilen dijital \u00f6\u011frenme gibi yeni metodolojilerin etkin bir \u015fekilde benimsenmesi yoluyla onlar\u0131 d\u00f6n\u00fc\u015ft\u00fcr\u00fcc\u00fc ve kapsay\u0131c\u0131 hale getirerek i\u015fbirlik\u00e7i \u00f6\u011frenme ortamlar\u0131n\u0131 te\u015fvik etmeyi ama\u00e7lamaktad\u0131r.<\/p>\n<p>Association Culturelle des Jeunes Turcs de Bar le Duc (FRANCE) taraf\u0131ndan koordine edilen projenin di\u011fer ortaklar\u0131:<br \/>\n*Workplace Innovation Europe CLG (IRELAND)<br \/>\n*Innovative Thinking Lab (TURKEY)<br \/>\n*Instituto Universitario de Lisboa (PORTUGAL)<br \/>\n*Voices of the World (BELGIUM)<\/p>\n","protected":false},"excerpt":{"rendered":"<p>Erasmus+ KA220-VET (Mesleki E\u011fitim ve \u00d6\u011fretimde \u0130\u015fbirli\u011fi Ortakl\u0131klar\u0131 Program\u0131) kapsam\u0131nda kabul edilen projemiz iNSPIRE: Innovation for Social Entrepreneurship (Sosyal Giri\u015fimcilik i\u00e7in \u0130novasyon) 1 Kas\u0131m 2021 tarihinde ba\u015flad\u0131. Projemizin amac\u0131; i\u015fg\u00fcc\u00fc piyasalar\u0131n\u0131n COVID-19 salg\u0131n\u0131 s\u0131ras\u0131nda kar\u015f\u0131 kar\u015f\u0131ya oldu\u011fu ve gelecekte olabilecek benzer zorluklar kar\u015f\u0131s\u0131nda gen\u00e7 giri\u015fimcilerin de\u011fi\u015fimlere yan\u0131t verme kapasitesini geli\u015ftirmek ve g\u00fc\u00e7lendirmektir. Projemiz iNSPIRE, Live<span class=\"read_more_area\"><a class=\"read-more\" href=\"https:\/\/www.thinkinglab.org\/TR\/2021\/11\/12\/inspire-projesi-basladi\/\"> Continue Reading <\/a><\/span><\/p>\n","protected":false},"author":2,"featured_media":3331,"comment_status":"open","ping_status":"open","sticky":false,"template":"","format":"standard","meta":{"footnotes":""},"categories":[1],"tags":[],"class_list":["post-3330","post","type-post","status-publish","format-standard","has-post-thumbnail","hentry","category-genel"],"_links":{"self":[{"href":"https:\/\/www.thinkinglab.org\/TR\/wp-json\/wp\/v2\/posts\/3330","targetHints":{"allow":["GET"]}}],"collection":[{"href":"https:\/\/www.thinkinglab.org\/TR\/wp-json\/wp\/v2\/posts"}],"about":[{"href":"https:\/\/www.thinkinglab.org\/TR\/wp-json\/wp\/v2\/types\/post"}],"author":[{"embeddable":true,"href":"https:\/\/www.thinkinglab.org\/TR\/wp-json\/wp\/v2\/users\/2"}],"replies":[{"embeddable":true,"href":"https:\/\/www.thinkinglab.org\/TR\/wp-json\/wp\/v2\/comments?post=3330"}],"version-history":[{"count":1,"href":"https:\/\/www.thinkinglab.org\/TR\/wp-json\/wp\/v2\/posts\/3330\/revisions"}],"predecessor-version":[{"id":3332,"href":"https:\/\/www.thinkinglab.org\/TR\/wp-json\/wp\/v2\/posts\/3330\/revisions\/3332"}],"wp:featuredmedia":[{"embeddable":true,"href":"https:\/\/www.thinkinglab.org\/TR\/wp-json\/wp\/v2\/media\/3331"}],"wp:attachment":[{"href":"https:\/\/www.thinkinglab.org\/TR\/wp-json\/wp\/v2\/media?parent=3330"}],"wp:term":[{"taxonomy":"category","embeddable":true,"href":"https:\/\/www.thinkinglab.org\/TR\/wp-json\/wp\/v2\/categories?post=3330"},{"taxonomy":"post_tag","embeddable":true,"href":"https:\/\/www.thinkinglab.org\/TR\/wp-json\/wp\/v2\/tags?post=3330"}],"curies":[{"name":"wp","href":"https:\/\/api.w.org\/{rel}","templated":true}]}}