{"id":3333,"date":"2021-11-18T00:21:59","date_gmt":"2021-11-17T21:21:59","guid":{"rendered":"https:\/\/www.thinkinglab.org\/TR\/?p=3333"},"modified":"2021-11-18T00:21:59","modified_gmt":"2021-11-17T21:21:59","slug":"inspire-projesinin-ilk-toplantisi-yapildi","status":"publish","type":"post","link":"https:\/\/www.thinkinglab.org\/TR\/2021\/11\/18\/inspire-projesinin-ilk-toplantisi-yapildi\/","title":{"rendered":"iNSPIRE Projesinin \u0130lk Toplant\u0131s\u0131 Yap\u0131ld\u0131!"},"content":{"rendered":"<p>iNSPIRE Projesinin 1. online kick-off toplant\u0131s\u0131 \u00a0ISCTE &#8211; Instituto Universit\u00e1rio de Lisboa, Voices of the World &#8211; EU, Workplace Innovation Europe, \u0130novatif D\u00fc\u015f\u00fcnce Derne\u011fi ve Association Culturelle des Jeunes Turcs Bar le Duc&#8217;\u00fcn kat\u0131l\u0131m\u0131yla 8 Kas\u0131m 2021 tarihinde ger\u00e7ekle\u015ftirildi. Ortaklar\u0131n organizasyonlar\u0131n\u0131n kurulu\u015flar\u0131 hakk\u0131nda sunumlar\u0131n\u0131n ard\u0131ndan proje koordinat\u00f6r\u00fc &#8220;ASSOCIATION CULTURELLE DES JEUNES TURCS DE BAR LE DUC&#8221; iNSPIRE projesinin tan\u0131t\u0131m sunumunu yapt\u0131. Sunumlar\u0131n ard\u0131ndan t\u00fcm ortaklar\u0131n rolleri, proje fikri \u00e7\u0131kt\u0131lar\u0131 ve zaman \u00e7izelgesi tart\u0131\u015f\u0131ld\u0131.<\/p>\n<p>&nbsp;<\/p>\n<p><img loading=\"lazy\" decoding=\"async\" class=\"wp-image-3335 aligncenter\" src=\"https:\/\/www.thinkinglab.org\/TR\/wp-content\/uploads\/2021\/11\/Inspire-Kick-Off-Meeting-2-300x132.jpg\" alt=\"\" width=\"522\" height=\"229\" srcset=\"https:\/\/www.thinkinglab.org\/TR\/wp-content\/uploads\/2021\/11\/Inspire-Kick-Off-Meeting-2-300x132.jpg 300w, https:\/\/www.thinkinglab.org\/TR\/wp-content\/uploads\/2021\/11\/Inspire-Kick-Off-Meeting-2-1024x452.jpg 1024w, https:\/\/www.thinkinglab.org\/TR\/wp-content\/uploads\/2021\/11\/Inspire-Kick-Off-Meeting-2-768x339.jpg 768w, https:\/\/www.thinkinglab.org\/TR\/wp-content\/uploads\/2021\/11\/Inspire-Kick-Off-Meeting-2-1536x678.jpg 1536w, https:\/\/www.thinkinglab.org\/TR\/wp-content\/uploads\/2021\/11\/Inspire-Kick-Off-Meeting-2.jpg 1579w\" sizes=\"auto, (max-width: 522px) 100vw, 522px\" \/><\/p>\n<p>&nbsp;<\/p>\n<p><img loading=\"lazy\" decoding=\"async\" class=\"wp-image-3334 aligncenter\" src=\"https:\/\/www.thinkinglab.org\/TR\/wp-content\/uploads\/2021\/11\/Inspire-Kick-Off-Meeting-300x192.jpg\" alt=\"\" width=\"522\" height=\"335\" srcset=\"https:\/\/www.thinkinglab.org\/TR\/wp-content\/uploads\/2021\/11\/Inspire-Kick-Off-Meeting-300x192.jpg 300w, https:\/\/www.thinkinglab.org\/TR\/wp-content\/uploads\/2021\/11\/Inspire-Kick-Off-Meeting-768x491.jpg 768w, https:\/\/www.thinkinglab.org\/TR\/wp-content\/uploads\/2021\/11\/Inspire-Kick-Off-Meeting-1536x982.jpg 1536w, https:\/\/www.thinkinglab.org\/TR\/wp-content\/uploads\/2021\/11\/Inspire-Kick-Off-Meeting.jpg 1585w\" sizes=\"auto, (max-width: 522px) 100vw, 522px\" \/><\/p>\n","protected":false},"excerpt":{"rendered":"<p>iNSPIRE Projesinin 1. online kick-off toplant\u0131s\u0131 \u00a0ISCTE &#8211; Instituto Universit\u00e1rio de Lisboa, Voices of the World &#8211; EU, Workplace Innovation Europe, \u0130novatif D\u00fc\u015f\u00fcnce Derne\u011fi ve Association Culturelle des Jeunes Turcs Bar le Duc&#8217;\u00fcn kat\u0131l\u0131m\u0131yla 8 Kas\u0131m 2021 tarihinde ger\u00e7ekle\u015ftirildi. Ortaklar\u0131n organizasyonlar\u0131n\u0131n kurulu\u015flar\u0131 hakk\u0131nda sunumlar\u0131n\u0131n ard\u0131ndan proje koordinat\u00f6r\u00fc &#8220;ASSOCIATION CULTURELLE DES JEUNES TURCS DE BAR LE<span class=\"read_more_area\"><a class=\"read-more\" href=\"https:\/\/www.thinkinglab.org\/TR\/2021\/11\/18\/inspire-projesinin-ilk-toplantisi-yapildi\/\"> Continue Reading <\/a><\/span><\/p>\n","protected":false},"author":2,"featured_media":3336,"comment_status":"open","ping_status":"open","sticky":false,"template":"","format":"standard","meta":{"footnotes":""},"categories":[1],"tags":[],"class_list":["post-3333","post","type-post","status-publish","format-standard","has-post-thumbnail","hentry","category-genel"],"_links":{"self":[{"href":"https:\/\/www.thinkinglab.org\/TR\/wp-json\/wp\/v2\/posts\/3333","targetHints":{"allow":["GET"]}}],"collection":[{"href":"https:\/\/www.thinkinglab.org\/TR\/wp-json\/wp\/v2\/posts"}],"about":[{"href":"https:\/\/www.thinkinglab.org\/TR\/wp-json\/wp\/v2\/types\/post"}],"author":[{"embeddable":true,"href":"https:\/\/www.thinkinglab.org\/TR\/wp-json\/wp\/v2\/users\/2"}],"replies":[{"embeddable":true,"href":"https:\/\/www.thinkinglab.org\/TR\/wp-json\/wp\/v2\/comments?post=3333"}],"version-history":[{"count":3,"href":"https:\/\/www.thinkinglab.org\/TR\/wp-json\/wp\/v2\/posts\/3333\/revisions"}],"predecessor-version":[{"id":3339,"href":"https:\/\/www.thinkinglab.org\/TR\/wp-json\/wp\/v2\/posts\/3333\/revisions\/3339"}],"wp:featuredmedia":[{"embeddable":true,"href":"https:\/\/www.thinkinglab.org\/TR\/wp-json\/wp\/v2\/media\/3336"}],"wp:attachment":[{"href":"https:\/\/www.thinkinglab.org\/TR\/wp-json\/wp\/v2\/media?parent=3333"}],"wp:term":[{"taxonomy":"category","embeddable":true,"href":"https:\/\/www.thinkinglab.org\/TR\/wp-json\/wp\/v2\/categories?post=3333"},{"taxonomy":"post_tag","embeddable":true,"href":"https:\/\/www.thinkinglab.org\/TR\/wp-json\/wp\/v2\/tags?post=3333"}],"curies":[{"name":"wp","href":"https:\/\/api.w.org\/{rel}","templated":true}]}}