{"id":3409,"date":"2022-05-16T18:05:38","date_gmt":"2022-05-16T15:05:38","guid":{"rendered":"https:\/\/www.thinkinglab.org\/TR\/?p=3409"},"modified":"2022-05-16T18:12:03","modified_gmt":"2022-05-16T15:12:03","slug":"e-shahrazad-ekibi-leccede-dijital-hikaye-anlaticiligi-egitimi-ile-bulustu","status":"publish","type":"post","link":"https:\/\/www.thinkinglab.org\/TR\/2022\/05\/16\/e-shahrazad-ekibi-leccede-dijital-hikaye-anlaticiligi-egitimi-ile-bulustu\/","title":{"rendered":"E-Shahrazad Ekibi Lecce&#8217;de Dijital Hikaye Anlat\u0131c\u0131l\u0131\u011f\u0131 E\u011fitimi ile Bulu\u015ftu!"},"content":{"rendered":"<p><img loading=\"lazy\" decoding=\"async\" class=\"size-medium wp-image-3410 alignleft\" src=\"https:\/\/www.thinkinglab.org\/TR\/wp-content\/uploads\/2022\/05\/Screenshot-2022-05-16-172823-297x300.png\" alt=\"\" width=\"297\" height=\"300\" srcset=\"https:\/\/www.thinkinglab.org\/TR\/wp-content\/uploads\/2022\/05\/Screenshot-2022-05-16-172823-297x300.png 297w, https:\/\/www.thinkinglab.org\/TR\/wp-content\/uploads\/2022\/05\/Screenshot-2022-05-16-172823-600x607.png 600w, https:\/\/www.thinkinglab.org\/TR\/wp-content\/uploads\/2022\/05\/Screenshot-2022-05-16-172823-100x100.png 100w, https:\/\/www.thinkinglab.org\/TR\/wp-content\/uploads\/2022\/05\/Screenshot-2022-05-16-172823.png 707w\" sizes=\"auto, (max-width: 297px) 100vw, 297px\" \/><img loading=\"lazy\" decoding=\"async\" class=\"size-medium wp-image-3411 alignleft\" src=\"https:\/\/www.thinkinglab.org\/TR\/wp-content\/uploads\/2022\/05\/Screenshot-2022-05-16-172852-287x300.png\" alt=\"\" width=\"287\" height=\"300\" srcset=\"https:\/\/www.thinkinglab.org\/TR\/wp-content\/uploads\/2022\/05\/Screenshot-2022-05-16-172852-287x300.png 287w, https:\/\/www.thinkinglab.org\/TR\/wp-content\/uploads\/2022\/05\/Screenshot-2022-05-16-172852-600x627.png 600w, https:\/\/www.thinkinglab.org\/TR\/wp-content\/uploads\/2022\/05\/Screenshot-2022-05-16-172852.png 667w\" sizes=\"auto, (max-width: 287px) 100vw, 287px\" \/><\/p>\n<p>Dijital hikaye anlat\u0131m\u0131 nedir? Bu y\u00f6ntem nesiller aras\u0131 e\u011fitim ve yeti\u015fkin e\u011fitimi faaliyetlerinde nas\u0131l kullan\u0131lm\u0131\u015ft\u0131r?<\/p>\n<p>Loughborough \u00dcniversitesi profes\u00f6r\u00fc Antonia Liguori ve ekibi taraf\u0131ndan y\u00f6netilen bu e\u011fitim, EduVita&#8217;n\u0131n 25-28 Nisan tarihleri \u200b\u200baras\u0131nda ev sahipli\u011fi yapt\u0131\u011f\u0131 ve Fransa, T\u00fcrkiye, \u0130ngiltere ve Portekiz&#8217;den ortaklar\u0131n kat\u0131l\u0131m\u0131yla birlikte Erasmus+ KA2 E-Shahrazad: Nesilleraras\u0131 \u00d6\u011frenimde Dijital Hikaye Anlat\u0131m\u0131 projesi kapsam\u0131nda ger\u00e7ekle\u015ftirildi.<\/p>\n<p>&#8220;Hikayeler \u00e7emberinden&#8221; video yap\u0131m\u0131na, hikaye anlat\u0131m\u0131ndan ses kayd\u0131na ve video<\/p>\n<p>d\u00fczenlem<img loading=\"lazy\" decoding=\"async\" class=\"size-medium wp-image-3415 alignright\" src=\"https:\/\/www.thinkinglab.org\/TR\/wp-content\/uploads\/2022\/05\/Screenshot-2022-05-16-172952-283x300.png\" alt=\"\" width=\"283\" height=\"300\" srcset=\"https:\/\/www.thinkinglab.org\/TR\/wp-content\/uploads\/2022\/05\/Screenshot-2022-05-16-172952-283x300.png 283w, https:\/\/www.thinkinglab.org\/TR\/wp-content\/uploads\/2022\/05\/Screenshot-2022-05-16-172952-600x635.png 600w, https:\/\/www.thinkinglab.org\/TR\/wp-content\/uploads\/2022\/05\/Screenshot-2022-05-16-172952.png 650w\" sizes=\"auto, (max-width: 283px) 100vw, 283px\" \/>eye kadar, kat\u0131l\u0131mc\u0131lar &#8220;Sizin i\u00e7in ev nedir?&#8221; temas\u0131ndan esinlenerek, dijital hikaye anlat\u0131m\u0131n\u0131n yenilik\u00e7i teknikleri ve ara\u00e7lar\u0131 vas\u0131tas\u0131 ile ad\u0131m ad\u0131m videolu hikayeler olu\u015fturma f\u0131rsat\u0131 buldular.<\/p>\n<p>Dijital Hikaye Anlat\u0131c\u0131l\u0131\u011f\u0131 e\u011fitimi, kat\u0131l\u0131mc\u0131 e\u011fitimcilerin dijital hikaye anlat\u0131m\u0131n\u0131 deneyimlemelerine ve nesiller aras\u0131 e\u011fitim ve farkl\u0131 nesiller aras\u0131nda diyalog i\u00e7in bir ara\u00e7 olarak bu metodolojiyi yans\u0131tmalar\u0131na olanak tan\u0131yan benzersiz ve \u00e7ok ilgin\u00e7 bir deneyim olu\u015fturdu.<\/p>\n<p><img loading=\"lazy\" decoding=\"async\" class=\"size-medium wp-image-3413 alignleft\" src=\"https:\/\/www.thinkinglab.org\/TR\/wp-content\/uploads\/2022\/05\/Screenshot-2022-05-16-172924-293x300.png\" alt=\"\" width=\"293\" height=\"300\" srcset=\"https:\/\/www.thinkinglab.org\/TR\/wp-content\/uploads\/2022\/05\/Screenshot-2022-05-16-172924-293x300.png 293w, https:\/\/www.thinkinglab.org\/TR\/wp-content\/uploads\/2022\/05\/Screenshot-2022-05-16-172924-533x546.png 533w, https:\/\/www.thinkinglab.org\/TR\/wp-content\/uploads\/2022\/05\/Screenshot-2022-05-16-172924-600x615.png 600w, https:\/\/www.thinkinglab.org\/TR\/wp-content\/uploads\/2022\/05\/Screenshot-2022-05-16-172924.png 670w\" sizes=\"auto, (max-width: 293px) 100vw, 293px\" \/><\/p>\n<p>&nbsp;<\/p>\n<p>Peki ya\u00a0sonu\u00e7?<\/p>\n<p>\u00c7ok yak\u0131nda\u00a0<strong><a href=\"https:\/\/www.e-shahrazad.eu\/tr\/\"> e-shahrazad.eu<\/a> <\/strong>platformunda yay\u0131nlanacak olan, farkl\u0131 temalarda ve heyecan verici hikayelerle sizinle beraber olaca\u011f\u0131z. Takipte kal\u0131n!<\/p>\n","protected":false},"excerpt":{"rendered":"<p>Dijital hikaye anlat\u0131m\u0131 nedir? Bu y\u00f6ntem nesiller aras\u0131 e\u011fitim ve yeti\u015fkin e\u011fitimi faaliyetlerinde nas\u0131l kullan\u0131lm\u0131\u015ft\u0131r? Loughborough \u00dcniversitesi profes\u00f6r\u00fc Antonia Liguori ve ekibi taraf\u0131ndan y\u00f6netilen bu e\u011fitim, EduVita&#8217;n\u0131n 25-28 Nisan tarihleri \u200b\u200baras\u0131nda ev sahipli\u011fi yapt\u0131\u011f\u0131 ve Fransa, T\u00fcrkiye, \u0130ngiltere ve Portekiz&#8217;den ortaklar\u0131n kat\u0131l\u0131m\u0131yla birlikte Erasmus+ KA2 E-Shahrazad: Nesilleraras\u0131 \u00d6\u011frenimde Dijital Hikaye Anlat\u0131m\u0131 projesi kapsam\u0131nda ger\u00e7ekle\u015ftirildi. &#8220;Hikayeler<span class=\"read_more_area\"><a class=\"read-more\" href=\"https:\/\/www.thinkinglab.org\/TR\/2022\/05\/16\/e-shahrazad-ekibi-leccede-dijital-hikaye-anlaticiligi-egitimi-ile-bulustu\/\"> Continue Reading <\/a><\/span><\/p>\n","protected":false},"author":2,"featured_media":3414,"comment_status":"open","ping_status":"open","sticky":false,"template":"","format":"standard","meta":{"footnotes":""},"categories":[1],"tags":[],"class_list":["post-3409","post","type-post","status-publish","format-standard","has-post-thumbnail","hentry","category-genel"],"_links":{"self":[{"href":"https:\/\/www.thinkinglab.org\/TR\/wp-json\/wp\/v2\/posts\/3409","targetHints":{"allow":["GET"]}}],"collection":[{"href":"https:\/\/www.thinkinglab.org\/TR\/wp-json\/wp\/v2\/posts"}],"about":[{"href":"https:\/\/www.thinkinglab.org\/TR\/wp-json\/wp\/v2\/types\/post"}],"author":[{"embeddable":true,"href":"https:\/\/www.thinkinglab.org\/TR\/wp-json\/wp\/v2\/users\/2"}],"replies":[{"embeddable":true,"href":"https:\/\/www.thinkinglab.org\/TR\/wp-json\/wp\/v2\/comments?post=3409"}],"version-history":[{"count":5,"href":"https:\/\/www.thinkinglab.org\/TR\/wp-json\/wp\/v2\/posts\/3409\/revisions"}],"predecessor-version":[{"id":3419,"href":"https:\/\/www.thinkinglab.org\/TR\/wp-json\/wp\/v2\/posts\/3409\/revisions\/3419"}],"wp:featuredmedia":[{"embeddable":true,"href":"https:\/\/www.thinkinglab.org\/TR\/wp-json\/wp\/v2\/media\/3414"}],"wp:attachment":[{"href":"https:\/\/www.thinkinglab.org\/TR\/wp-json\/wp\/v2\/media?parent=3409"}],"wp:term":[{"taxonomy":"category","embeddable":true,"href":"https:\/\/www.thinkinglab.org\/TR\/wp-json\/wp\/v2\/categories?post=3409"},{"taxonomy":"post_tag","embeddable":true,"href":"https:\/\/www.thinkinglab.org\/TR\/wp-json\/wp\/v2\/tags?post=3409"}],"curies":[{"name":"wp","href":"https:\/\/api.w.org\/{rel}","templated":true}]}}