{"id":3442,"date":"2023-05-29T19:27:10","date_gmt":"2023-05-29T16:27:10","guid":{"rendered":"https:\/\/www.thinkinglab.org\/TR\/?p=3442"},"modified":"2023-05-29T19:34:24","modified_gmt":"2023-05-29T16:34:24","slug":"inspire-egitim-basvurusu-1","status":"publish","type":"post","link":"https:\/\/www.thinkinglab.org\/TR\/2023\/05\/29\/inspire-egitim-basvurusu-1\/","title":{"rendered":"INSPIRE E\u011fitim Ba\u015fvurusu"},"content":{"rendered":"<p><img loading=\"lazy\" decoding=\"async\" class=\"alignnone wp-image-3444 size-large\" src=\"https:\/\/www.thinkinglab.org\/TR\/wp-content\/uploads\/2023\/05\/INSPIRE-Egitim-Duyurusu-1-1024x791.jpg\" alt=\"\" width=\"1024\" height=\"791\" srcset=\"https:\/\/www.thinkinglab.org\/TR\/wp-content\/uploads\/2023\/05\/INSPIRE-Egitim-Duyurusu-1-1024x791.jpg 1024w, https:\/\/www.thinkinglab.org\/TR\/wp-content\/uploads\/2023\/05\/INSPIRE-Egitim-Duyurusu-1-300x232.jpg 300w, https:\/\/www.thinkinglab.org\/TR\/wp-content\/uploads\/2023\/05\/INSPIRE-Egitim-Duyurusu-1-768x593.jpg 768w, https:\/\/www.thinkinglab.org\/TR\/wp-content\/uploads\/2023\/05\/INSPIRE-Egitim-Duyurusu-1-1536x1187.jpg 1536w, https:\/\/www.thinkinglab.org\/TR\/wp-content\/uploads\/2023\/05\/INSPIRE-Egitim-Duyurusu-1-750x579.jpg 750w, https:\/\/www.thinkinglab.org\/TR\/wp-content\/uploads\/2023\/05\/INSPIRE-Egitim-Duyurusu-1-1140x881.jpg 1140w, https:\/\/www.thinkinglab.org\/TR\/wp-content\/uploads\/2023\/05\/INSPIRE-Egitim-Duyurusu-1.jpg 2000w\" sizes=\"auto, (max-width: 1024px) 100vw, 1024px\" \/><\/p>\n<p><strong><img loading=\"lazy\" decoding=\"async\" class=\"alignnone wp-image-3443 size-large\" src=\"https:\/\/www.thinkinglab.org\/TR\/wp-content\/uploads\/2023\/05\/Inspire-Egitim-Basvurusu-2-1-1024x791.jpg\" alt=\"\" width=\"1024\" height=\"791\" srcset=\"https:\/\/www.thinkinglab.org\/TR\/wp-content\/uploads\/2023\/05\/Inspire-Egitim-Basvurusu-2-1-1024x791.jpg 1024w, https:\/\/www.thinkinglab.org\/TR\/wp-content\/uploads\/2023\/05\/Inspire-Egitim-Basvurusu-2-1-300x232.jpg 300w, https:\/\/www.thinkinglab.org\/TR\/wp-content\/uploads\/2023\/05\/Inspire-Egitim-Basvurusu-2-1-768x593.jpg 768w, https:\/\/www.thinkinglab.org\/TR\/wp-content\/uploads\/2023\/05\/Inspire-Egitim-Basvurusu-2-1-1536x1187.jpg 1536w, https:\/\/www.thinkinglab.org\/TR\/wp-content\/uploads\/2023\/05\/Inspire-Egitim-Basvurusu-2-1-750x579.jpg 750w, https:\/\/www.thinkinglab.org\/TR\/wp-content\/uploads\/2023\/05\/Inspire-Egitim-Basvurusu-2-1-1140x881.jpg 1140w, https:\/\/www.thinkinglab.org\/TR\/wp-content\/uploads\/2023\/05\/Inspire-Egitim-Basvurusu-2-1.jpg 2000w\" sizes=\"auto, (max-width: 1024px) 100vw, 1024px\" \/><\/strong><\/p>\n<p><strong><img loading=\"lazy\" decoding=\"async\" class=\"alignnone size-medium wp-image-3445\" src=\"https:\/\/www.thinkinglab.org\/TR\/wp-content\/uploads\/2023\/05\/Resim2.png\" alt=\"\" width=\"138\" height=\"95\" \/><img loading=\"lazy\" decoding=\"async\" class=\"alignnone size-medium wp-image-3446\" src=\"https:\/\/www.thinkinglab.org\/TR\/wp-content\/uploads\/2023\/05\/Resim1.png\" alt=\"\" width=\"125\" height=\"100\" \/><\/strong><\/p>\n<p><strong>\u0130LHAM VEREN SOSYAL G\u0130R\u0130\u015e\u0130MC\u0130L\u0130K YOLCULU\u011eU!<\/strong><\/p>\n<p>Avrupa Birli\u011fi Erasmus+ program tarad\u0131ndan desteklenen, \u201c INSPIRE: Innovation for Social Entrepreunership\u201d projesi kapsam\u0131nda haz\u0131rlanan Sosyal Giri\u015fimcilik E\u011fitimi T\u00fcrkiye aya\u011f\u0131nda Innovative Thinking Lab, Istasyon TED\u00dc, Alternatif Ya\u015fam Derne\u011fi ve \u0130htiya\u00e7 Haritas\u0131 i\u015fbirli\u011finde y\u00fcr\u00fct\u00fcl\u00fcyor.<\/p>\n<p><strong>Kimler Ba\u015fvurabilir?<\/strong><\/p>\n<p>Sosyal Giri\u015fimcilik alan\u0131na ilgi duyan ve bu alanda kendi i\u015f fikrini geli\u015ftirerek de\u011fi\u015fim ve etki yaratmak isteyen birey ve gruplar ba\u015fvuru yapabilir<\/p>\n<p><strong>Son Ba\u015fvuru Tarihi<\/strong><\/p>\n<p>19 Haziran 2023<\/p>\n<p><strong>Program Kapsam\u0131<\/strong><\/p>\n<ul>\n<li>5 mod\u00fcl online ve y\u00fcz y\u00fcze uygulama temelli e\u011fitim<\/li>\n<li>INSPIRE Sosyal Giri\u015fimcilik \u00e7evrimi\u00e7i e\u011fitim mod\u00fcl\u00fcne 7\/24 eri\u015fim<\/li>\n<li>Ment\u00f6r deste\u011fi<\/li>\n<li>INSPIRE Network bulu\u015fmalar\u0131 kapsam\u0131nda uluslararas\u0131 sosyal giri\u015fimlerle deneyim payla\u015f\u0131m\u0131<\/li>\n<li>Yar\u0131\u015fman\u0131n 1. ve 2.\u2019si i\u00e7in staj imk\u00e2n\u0131<\/li>\n<li>Uluslararas\u0131 Kat\u0131l\u0131m Sertifikas\u0131<\/li>\n<li>Urla\u2019da ger\u00e7ekle\u015fecek yar\u0131\u015fmaya kat\u0131l\u0131m i\u00e7in ula\u015f\u0131m ve konaklama giderlerinin kar\u015f\u0131lanmas\u0131<\/li>\n<\/ul>\n<p>giderlerinin kar\u015f\u0131lanmas\u0131<\/p>\n<p><strong>E\u011fitim Tarihleri<\/strong><\/p>\n<p>6 Temmuz-3 Eyl\u00fcl 2023<\/p>\n<p><strong>\u00a0E\u011fitim Program\u0131:<\/strong><\/p>\n<ul>\n<li>Sosyal Giri\u015fimcili\u011fe Giri\u015f ( 6 Temmuz 2023 \u2013Zoom)<\/li>\n<li>De\u011fi\u015fim Teorisi (13 Temmuz 2023-Zoom)<\/li>\n<li>\u0130\u015f Plan\u0131 Haz\u0131rlama (20 Temmuz 2023-Zoom)<\/li>\n<li>Sosyal Etki (3 A\u011fustos 2023- Zoom)<\/li>\n<li>Pitching (17 A\u011fustos 2023- Zoom)<\/li>\n<li>AGORA (1\/2 Eyl\u00fcl 2023- \u0130zmir\/Urla)<\/li>\n<\/ul>\n<h4><strong>Ba\u015fvuru \u0130\u00e7in <\/strong><\/h4>\n<h4>www.thinkinglab.org<\/h4>\n<h4>info@thinkinklab.org<\/h4>\n<h4>Ba\u015fvuru Formu: <a href=\"https:\/\/docs.google.com\/forms\/d\/19og8PV37OPkLQN5gBwRQy0OL3XbBc8YOmSacwKRrE-8\/edit\" target=\"_blank\" rel=\"noopener\">https:\/\/docs.google.com\/forms\/d\/19og8PV37OPkLQN5gBwRQy0OL3XbBc8YOmSacwKRrE-8\/edit<\/a><\/h4>\n","protected":false},"excerpt":{"rendered":"<p>\u0130LHAM VEREN SOSYAL G\u0130R\u0130\u015e\u0130MC\u0130L\u0130K YOLCULU\u011eU! Avrupa Birli\u011fi Erasmus+ program tarad\u0131ndan desteklenen, \u201c INSPIRE: Innovation for Social Entrepreunership\u201d projesi kapsam\u0131nda haz\u0131rlanan Sosyal Giri\u015fimcilik E\u011fitimi T\u00fcrkiye aya\u011f\u0131nda Innovative Thinking Lab, Istasyon TED\u00dc, Alternatif Ya\u015fam Derne\u011fi ve \u0130htiya\u00e7 Haritas\u0131 i\u015fbirli\u011finde y\u00fcr\u00fct\u00fcl\u00fcyor. Kimler Ba\u015fvurabilir? Sosyal Giri\u015fimcilik alan\u0131na ilgi duyan ve bu alanda kendi i\u015f fikrini geli\u015ftirerek de\u011fi\u015fim ve etki<span class=\"read_more_area\"><a class=\"read-more\" href=\"https:\/\/www.thinkinglab.org\/TR\/2023\/05\/29\/inspire-egitim-basvurusu-1\/\"> Continue Reading <\/a><\/span><\/p>\n","protected":false},"author":42,"featured_media":3454,"comment_status":"open","ping_status":"open","sticky":false,"template":"","format":"standard","meta":{"footnotes":""},"categories":[1],"tags":[],"class_list":["post-3442","post","type-post","status-publish","format-standard","has-post-thumbnail","hentry","category-genel"],"_links":{"self":[{"href":"https:\/\/www.thinkinglab.org\/TR\/wp-json\/wp\/v2\/posts\/3442","targetHints":{"allow":["GET"]}}],"collection":[{"href":"https:\/\/www.thinkinglab.org\/TR\/wp-json\/wp\/v2\/posts"}],"about":[{"href":"https:\/\/www.thinkinglab.org\/TR\/wp-json\/wp\/v2\/types\/post"}],"author":[{"embeddable":true,"href":"https:\/\/www.thinkinglab.org\/TR\/wp-json\/wp\/v2\/users\/42"}],"replies":[{"embeddable":true,"href":"https:\/\/www.thinkinglab.org\/TR\/wp-json\/wp\/v2\/comments?post=3442"}],"version-history":[{"count":4,"href":"https:\/\/www.thinkinglab.org\/TR\/wp-json\/wp\/v2\/posts\/3442\/revisions"}],"predecessor-version":[{"id":3456,"href":"https:\/\/www.thinkinglab.org\/TR\/wp-json\/wp\/v2\/posts\/3442\/revisions\/3456"}],"wp:featuredmedia":[{"embeddable":true,"href":"https:\/\/www.thinkinglab.org\/TR\/wp-json\/wp\/v2\/media\/3454"}],"wp:attachment":[{"href":"https:\/\/www.thinkinglab.org\/TR\/wp-json\/wp\/v2\/media?parent=3442"}],"wp:term":[{"taxonomy":"category","embeddable":true,"href":"https:\/\/www.thinkinglab.org\/TR\/wp-json\/wp\/v2\/categories?post=3442"},{"taxonomy":"post_tag","embeddable":true,"href":"https:\/\/www.thinkinglab.org\/TR\/wp-json\/wp\/v2\/tags?post=3442"}],"curies":[{"name":"wp","href":"https:\/\/api.w.org\/{rel}","templated":true}]}}